{"id":1,"date":"2018-03-28T14:38:01","date_gmt":"2018-03-28T12:38:01","guid":{"rendered":"http:\/\/www.parkauto.semepa.fr\/?p=1"},"modified":"2018-03-30T17:30:40","modified_gmt":"2018-03-30T15:30:40","slug":"bonjour-tout-le-monde","status":"publish","type":"post","link":"https:\/\/www.parkautoMAG.semepa.fr\/index.php\/2018\/03\/28\/bonjour-tout-le-monde\/","title":{"rendered":"Les E-Gazelles du Pays d&rsquo;Aix"},"content":{"rendered":"<p><span style=\"font-family: Calibri;\"><span style=\"color: #000000;\">Dans le prolongement des actions men\u00e9es par la Ville d\u2019Aix-en-Provence et la SEMEPA en faveur de l\u2019\u00e9lectro mobilit\u00e9 depuis 2011, ces deux acteurs ont d\u00e9cid\u00e9 de s\u2019allier pour soutenir cette ann\u00e9e un \u00e9quipage \u00e9co mobile, 100% autonome solaire et 100% f\u00e9minin pr\u00eat \u00e0 concourir \u00e0 la 28<\/span><sup><span style=\"color: #000000; font-size: small;\">\u00e8me<\/span><\/sup><span style=\"color: #000000;\"> \u00e9dition du grand Rallye A\u00efcha des Gazelles qui se d\u00e9roulera du 16 au 31 mars prochains dans le d\u00e9sert marocain.<\/span><\/span><\/p>\n<p>Les E-Gazelles du Pays d\u2019Aix, Alexandra et Elisabeth repr\u00e9senteront les couleurs d\u2019Aix-en-Provence \u00e0 bord de leur E-M\u00e9hari Citro\u00ebn 100% autonome gr\u00e2ce \u00e0 leur technologie exemplaire d\u00e9velopp\u00e9e avec recharge solaire.<\/p>\n","protected":false},"excerpt":{"rendered":"<p>Dans le prolongement des actions men\u00e9es par la Ville d\u2019Aix-en-Provence et la SEMEPA en faveur de l\u2019\u00e9lectro mobilit\u00e9 depuis 2011, ces deux acteurs ont d\u00e9cid\u00e9 de s\u2019allier pour soutenir cette ann\u00e9e un \u00e9quipage \u00e9co mobile, 100% autonome solaire et 100% f\u00e9minin pr\u00eat \u00e0 concourir \u00e0 la 28\u00e8me \u00e9dition du grand Rallye A\u00efcha des Gazelles qui [&hellip;]<\/p>\n","protected":false},"author":1,"featured_media":79,"comment_status":"open","ping_status":"open","sticky":false,"template":"","format":"standard","meta":[],"categories":[1],"tags":[],"_links":{"self":[{"href":"https:\/\/www.parkautoMAG.semepa.fr\/index.php\/wp-json\/wp\/v2\/posts\/1"}],"collection":[{"href":"https:\/\/www.parkautoMAG.semepa.fr\/index.php\/wp-json\/wp\/v2\/posts"}],"about":[{"href":"https:\/\/www.parkautoMAG.semepa.fr\/index.php\/wp-json\/wp\/v2\/types\/post"}],"author":[{"embeddable":true,"href":"https:\/\/www.parkautoMAG.semepa.fr\/index.php\/wp-json\/wp\/v2\/users\/1"}],"replies":[{"embeddable":true,"href":"https:\/\/www.parkautoMAG.semepa.fr\/index.php\/wp-json\/wp\/v2\/comments?post=1"}],"version-history":[{"count":2,"href":"https:\/\/www.parkautoMAG.semepa.fr\/index.php\/wp-json\/wp\/v2\/posts\/1\/revisions"}],"predecessor-version":[{"id":77,"href":"https:\/\/www.parkautoMAG.semepa.fr\/index.php\/wp-json\/wp\/v2\/posts\/1\/revisions\/77"}],"wp:featuredmedia":[{"embeddable":true,"href":"https:\/\/www.parkautoMAG.semepa.fr\/index.php\/wp-json\/wp\/v2\/media\/79"}],"wp:attachment":[{"href":"https:\/\/www.parkautoMAG.semepa.fr\/index.php\/wp-json\/wp\/v2\/media?parent=1"}],"wp:term":[{"taxonomy":"category","embeddable":true,"href":"https:\/\/www.parkautoMAG.semepa.fr\/index.php\/wp-json\/wp\/v2\/categories?post=1"},{"taxonomy":"post_tag","embeddable":true,"href":"https:\/\/www.parkautoMAG.semepa.fr\/index.php\/wp-json\/wp\/v2\/tags?post=1"}],"curies":[{"name":"wp","href":"https:\/\/api.w.org\/{rel}","templated":true}]}}